{"id":415,"date":"2017-04-25T08:00:23","date_gmt":"2017-04-25T08:00:23","guid":{"rendered":"https:\/\/www.zainoo.com\/blog\/?p=415"},"modified":"2017-04-25T08:00:23","modified_gmt":"2017-04-25T08:00:23","slug":"tag-der-befreiung-italiens","status":"publish","type":"post","link":"https:\/\/www.zainoo.com\/blog\/de\/tag-der-befreiung-italiens\/","title":{"rendered":"Tag der Befreiung Italiens am 25. April"},"content":{"rendered":"<div id=\"attachment_414\" style=\"width: 206px\" class=\"wp-caption alignleft\"><img loading=\"lazy\" decoding=\"async\" aria-describedby=\"caption-attachment-414\" class=\"size-medium wp-image-414\" src=\"https:\/\/www.zainoo.com\/blog\/wp-content\/uploads\/2017\/04\/anniversario-della-liberazione-italia-196x300.jpg\" alt=\"Tag der Befreiung Italiens\" width=\"196\" height=\"300\" srcset=\"https:\/\/www.zainoo.com\/blog\/wp-content\/uploads\/2017\/04\/anniversario-della-liberazione-italia-196x300.jpg 196w, https:\/\/www.zainoo.com\/blog\/wp-content\/uploads\/2017\/04\/anniversario-della-liberazione-italia-768x1174.jpg 768w, https:\/\/www.zainoo.com\/blog\/wp-content\/uploads\/2017\/04\/anniversario-della-liberazione-italia-458x700.jpg 458w, https:\/\/www.zainoo.com\/blog\/wp-content\/uploads\/2017\/04\/anniversario-della-liberazione-italia.jpg 785w\" sizes=\"(max-width: 196px) 100vw, 196px\" \/><p id=\"caption-attachment-414\" class=\"wp-caption-text\">\u00a9Bigstock.com\/vololibero<\/p><\/div>\n<p>Das Festa della Repubblica (dt. \u201eFest der Republik\u201c) am 2. Juni wird in Italien als Nationalfeiertag im Gedenken an das Referendum von 1946 begangen. Entlang des Stiefels kennt man jedoch noch einen inoffiziellen zweiten Nationalfeiertag von \u00e4hnlichem Stellenwert. Der Anniversario della Liberazione (dt. \u201eTag der Befreiung\u201c) erinnert, wie der Name bereits vermuten l\u00e4sst, an die Befreiung Italiens vom Faschismus, die den Weg zur heutigen Republik ebnete. Seither stehen jeden 25. April, landauf und landab, Feierlichkeiten und Demonstrationen auf dem Programm. Der Weg zur Befreiung Italiens war jedoch beschwerlich.<\/p>\n<p><strong>Ein Datum mit symbolischem Wert<\/strong><\/p>\n<p>Nach zwei Jahrzehnten an der Macht floh der faschistische Diktator Benito Mussolini am 25. April 1945 aus Sal\u00f2, um den Alliierten zu entkommen, nachdem einerseits die versuchte Verst\u00e4ndigung mit dem nichtkommunistischen Fl\u00fcgel der Widerstandsbewegung Resistenza scheiterte und andererseits durchsickerte, dass Verhandlungen \u00fcber eine Teilkapitulation in Italien stationierter deutscher Truppen, welche die Republik von Sal\u00f2 zu Fall gebracht h\u00e4tte, im Gange waren. Der Comitato di Liberazione Nazionale (kurz CLN, dt. \u201eKomitee der nationalen Befreiung\u201c) verk\u00fcndete den Erfolg der Resistenza und sprach zugleich den Todesbefehl f\u00fcr alle in Freiheit befindlichen Faschisten an, der gegen den wenige Tage sp\u00e4ter gefangengenommenen Mussolini auch verstreckt wurde. Au\u00dferdem befreiten US-Streitkr\u00e4fte einige gro\u00dfe St\u00e4dte, wie Turin und Mailand.<\/p>\n<p>Tats\u00e4chlich hat der 25. April vor allem symbolischen Wert, da es bis zur vollst\u00e4ndigen Befreiung Italiens noch bis zum 1. Mai 1945 dauern sollte. An jenem Tag in April wurden jedoch s\u00e4mtliche Hebel f\u00fcr die Demokratisierung des Landes in Bewegung gesetzt, die schlie\u00dflich im Referendum vom 2. Juni 1946, dem tats\u00e4chlichen Nationalfeiertag, gipfelten. Ein Gesetz aus dem Jahr 1949 erkl\u00e4rte den 25. April schlie\u00dflich zum landesweiten Feiertag.<\/p>\n<p><strong>Feierlichkeiten am 25. April<\/strong><\/p>\n<p>Der Anniversario della Liberazione wird in ganz Italien mit zahlreichen Feierlichkeiten wie auch mit Demonstrationen von Veteranen, Partisanen und verschiedenen antifaschistischen Gruppierungen begangen. Oft stehen dabei symbolische Gesten im Mittelpunkt, wie 2005, als der letzte Teil des Obelisken von Axum, der 1937 von Mussolini nach Rom gebracht wurde, an \u00c4thiopien zur\u00fcckerstattet wurde. Jede gr\u00f6\u00dfere Stadt h\u00e4lt eigene Feste ab, die oft mehrere Tage andauern. Bologna veranstaltet beispielsweise das Festa della Resistenza Popolare in Bahnhofsn\u00e4he, w\u00e4hrend in Mailand L\u2019Antifascismo in Piazza beheimatet ist. In Parma findet eine ganze Serie an Events statt, die sich \u00fcber mehrere Wochen erstrecken und im Zeichen von Musik, Kultur und Erinnerung stehen.<\/p>\n<p><strong>Gran Premio della Liberazione<\/strong><\/p>\n<p>Zu den etwas ungew\u00f6hnlicheren Traditionen des 25. Aprils z\u00e4hlt die \u00dcbertragung eines ehemaligen Amateur-Radrennens, das mittlerweile Fahrern aus der Nachwuchskategorie U23 vorbehalten ist, im italienischen Staatsfernsehen RAI. Die eigentliche sportliche Wertigkeit des Gran Premio della Liberazione (dt. \u201eGro\u00dfer Preis der Befreiung\u201c) ist bestenfalls zweitrangig, denn das bereits 1946 am Jahrestag der Befreiung Italiens erstmals ausgetragene Rennen an den Carcalla-Thermen in Rom hat vor allem symbolischen Charakter. Seit 2016 findet auch das Damenrennen auf der gleichen Strecke statt.<\/p>\n<p>Verbinde deine Italienreise mit einem Besuch der Feierlichkeiten zum 25. April und hol dir die besten Tipps f\u00fcr deinen n\u00e4chsten Urlaub auf <a href=\"https:\/\/www.zainoo.com\/de\/italien\">ZAINOO<\/a>!<\/p>\n","protected":false},"excerpt":{"rendered":"<p>Das Festa della Repubblica (dt. \u201eFest der Republik\u201c) am 2. Juni wird in Italien als Nationalfeiertag im Gedenken an das Referendum von 1946 begangen. Entlang des Stiefels kennt man jedoch noch einen inoffiziellen zweiten Nationalfeiertag von \u00e4hnlichem Stellenwert. Der Anniversario &hellip; <a href=\"https:\/\/www.zainoo.com\/blog\/de\/tag-der-befreiung-italiens\/\">Weiterlesen <span class=\"meta-nav\">&rarr;<\/span><\/a><\/p>\n","protected":false},"author":1,"featured_media":0,"comment_status":"closed","ping_status":"open","sticky":false,"template":"","format":"standard","meta":{"footnotes":""},"categories":[1],"tags":[313,314],"_links":{"self":[{"href":"https:\/\/www.zainoo.com\/blog\/wp-json\/wp\/v2\/posts\/415"}],"collection":[{"href":"https:\/\/www.zainoo.com\/blog\/wp-json\/wp\/v2\/posts"}],"about":[{"href":"https:\/\/www.zainoo.com\/blog\/wp-json\/wp\/v2\/types\/post"}],"author":[{"embeddable":true,"href":"https:\/\/www.zainoo.com\/blog\/wp-json\/wp\/v2\/users\/1"}],"replies":[{"embeddable":true,"href":"https:\/\/www.zainoo.com\/blog\/wp-json\/wp\/v2\/comments?post=415"}],"version-history":[{"count":1,"href":"https:\/\/www.zainoo.com\/blog\/wp-json\/wp\/v2\/posts\/415\/revisions"}],"predecessor-version":[{"id":416,"href":"https:\/\/www.zainoo.com\/blog\/wp-json\/wp\/v2\/posts\/415\/revisions\/416"}],"wp:attachment":[{"href":"https:\/\/www.zainoo.com\/blog\/wp-json\/wp\/v2\/media?parent=415"}],"wp:term":[{"taxonomy":"category","embeddable":true,"href":"https:\/\/www.zainoo.com\/blog\/wp-json\/wp\/v2\/categories?post=415"},{"taxonomy":"post_tag","embeddable":true,"href":"https:\/\/www.zainoo.com\/blog\/wp-json\/wp\/v2\/tags?post=415"}],"curies":[{"name":"wp","href":"https:\/\/api.w.org\/{rel}","templated":true}]}}